{"id":87,"date":"2021-07-18T12:08:00","date_gmt":"2021-07-18T15:08:00","guid":{"rendered":"http:\/\/welfare.cmsmasters.net\/?p=87"},"modified":"2021-11-19T14:52:26","modified_gmt":"2021-11-19T17:52:26","slug":"estabelecendo-objetivos","status":"publish","type":"post","link":"https:\/\/ipaliancadf.org\/index.php\/2021\/07\/18\/estabelecendo-objetivos\/","title":{"rendered":"Estabelecendo objetivos"},"content":{"rendered":"<p>Embora o nosso costuma seja esperar o in\u00edcio de um novo ano para pensar sobre esse assunto, definir metas, avaliar metas e refin\u00e1-las \u00e9 uma tarefa digna para quase todos os dias.<\/p>\n<p>Muitas d\u00e9cadas atr\u00e1s, Albert Einstein teria dito: *\u201cA perfei\u00e7\u00e3o dos meios e a confus\u00e3o de objetivos s\u00e3o a marca registrada de nosso tempo\u201d.* Suspeito que isso seja ainda mais verdadeiro em nossa \u00e9poca, assim como na maioria dos indiv\u00edduos de hoje. Portanto, fazemos bem &#8211; especialmente como crentes &#8211; em pensar sobre as prioridades e objetivos que o Senhor deseja que sigamos.<\/p>\n<p>H\u00e1 muitos recursos dispon\u00edveis para nos ajudar a pensar sobre nossos objetivos, mas as Escrituras falam frequentemente sobre os objetivos, prioridades, desejos e anseios que deveriam nortear o que fazemos e o que planejamos fazer.<\/p>\n<p>Alguns anos atr\u00e1s, vi as seguintes perguntas apresentadas como forma de nos ajudar a estabelecer e avaliar metas. Talvez isso o ajude hoje, alguns meses antes de chegar o final do ano e in\u00ednio de 2022, e talvez as ben\u00e7\u00e3os da reflex\u00e3o tamb\u00e9m cheguem antes.<\/p>\n<p>1) quais s\u00e3o alguns dos princ\u00edpios que devemos considerar ao estabelecer suas prioridades?<\/p>\n<ul>\n<li>As metas trazem gl\u00f3ria a Deus (Rm 11:33; 1 Co 8:6)?<\/li>\n<li>As metas s\u00e3o justas e elas ir\u00e3o encorajar ou produzir justi\u00e7a (Rm 8:12-14; 6:20-22)?<\/li>\n<li>As metas me ajudam a crescer na semelhan\u00e7a de Cristo (Ef 4:22-24; Rm 12:1-2)?<\/li>\n<li>As metas s\u00e3o agrad\u00e1veis \u200b\u200bao Senhor (2 Co 5:9, 15)?<\/li>\n<li>As metas refletem os padr\u00f5es de Deus ou meus padr\u00f5es?<\/li>\n<li>Honra de Deus ou minha honra?<\/li>\n<li>Os motivos da meta s\u00e3o agradar aos homens (incluindo meu pr\u00f3prio prazer, Gl 1:10)?<\/li>\n<li>As metas buscam valor e valor a partir do que Deus diz sobre mim ou do que penso sobre mim?<\/li>\n<li>Os objetivos s\u00e3o uma forma de autodisciplina (1 Co 9:24-27) ou s\u00e3o um meio de satisfazer a carne (Rm 6:12; 13:14)?<\/li>\n<li>Os objetivos s\u00e3o presun\u00e7osos quanto ao futuro (Tg 4:14-16)?<\/li>\n<li>As metas me ajudam a mortificar o pecado (Rm 8:12-13; 1 Pe 2:11)?<\/li>\n<li>As metas me ajudam a cumprir meus chamados relacionais em Minha Casa (Tt 2:2-8; Ef 5:22\u20136: 4), Igreja (Rm 12:3-18; Cl 1:28-29) , Trabalho (Ef 6:5-8; 1 Tm 5:8) e Cultura (Mt 28:18-20; Cl 4:5-6)?<\/li>\n<li>As metas priorizam coisas que s\u00e3o eternas ou temporais?<\/li>\n<li>Se as metas s\u00e3o temporais (p.ex., alguma forma de \u201cautoaperfei\u00e7oamento\u201d), elas refletem a consci\u00eancia de que n\u00e3o t\u00eam valor final (1Tm 4:7-8; 2 Co 4:16-18; 1 Pe 1:23-25; 2:1-3)?<\/li>\n<li>As metas incluem um plano para desenvolver e amadurecer meus dons espirituais (Rm 12:3-8)?<\/li>\n<li>Os objetivos s\u00e3o principalmente ego\u00edstas, ou s\u00e3o feitos com a prioridade de servir a Cristo e aos outros (Mc 10:45; Rm 12:9-13; Gl 5:13; Ef 4:12; 1 Pe 4:10)?<\/li>\n<li>As metas refletem a consci\u00eancia de que Cristo \u00e9 o fim e o prop\u00f3sito de todas as coisas (Fp 3:13-14)?<\/li>\n<\/ul>\n<p>Depois de estabelecer metas, tamb\u00e9m \u00e9 apropriado *avaliar essas inten\u00e7\u00f5es.* \u00c0s vezes nos encontramos &nbsp;fazendo e \u00e0s vezes deixamos de cumprir nossos objetivos. Se tivermos sucesso, pode n\u00e3o haver tanta oportunidade para avalia\u00e7\u00e3o; mas o fracasso oferece ampla oportunidade de examinar a n\u00f3s mesmos e aos objetivos. Aqui, ent\u00e3o, est\u00e3o alguns princ\u00edpios para avaliar o fracasso em atingir os objetivos:<\/p>\n<ul>\n<li>Os objetivos estavam honrando a Deus?<\/li>\n<li>O pecado me impediu de alcan\u00e7ar os objetivos? (Se sim, o pecado foi confessado e arrependido?)<\/li>\n<li>Se os objetivos mudaram, foi devido \u00e0 pregui\u00e7a (tornei-me relutante em sacrificar para cumprir os objetivos apropriados)? Ou a mudan\u00e7a nos objetivos foi resultado de uma nova instru\u00e7\u00e3o b\u00edblica? Ou sabedoria de um amigo\/discipulador piedoso?<\/li>\n<li>As metas eram presun\u00e7osas (por exemplo, sobre o tempo envolvido para atingir as metas, Js 4:14-16)? Ou seja, o fracasso foi porque n\u00e3o havia uma capacidade realista de atingir os objetivos?<\/li>\n<li>Se as metas eram temporais (por exemplo, &#8220;para disciplina corporal&#8221;, 1 Tm 4:7-8), eles obscureciam a maior prioridade da piedade (e, portanto, tornou-se s\u00e1bio deixar a meta de lado)?<\/li>\n<\/ul>\n<p>Esteja voc\u00ea pensando em seus objetivos de vida esta semana ou planejando faz\u00ea-lo no futuro, a vida est\u00e1 constantemente nos dando oportunidades de avaliar e ajustar nossos objetivos. Como um alvo de dardos que est\u00e1 cheio de buracos de lan\u00e7amentos anteriores do dardo (a maioria deles longe do alvo central!), temos oportunidades todos os dias de nos movermos em dire\u00e7\u00e3o *ao objetivo da semelhan\u00e7a com Cristo e agradar a Deus* em todas as atividades de nossos dias. Como voc\u00ea est\u00e1 indo nessa miss\u00e3o?<\/p>\n<p>Que o Senhor Deus nos conceda Gra\u00e7a, e que essa semana possa ser uma de bons frutos neste aspecto. Deus os aben\u00e7oe meus amados irm\u00e3os, boa semana a todos.<\/p>\n<p>.<\/p>\n","protected":false},"excerpt":{"rendered":"<p>Embora o nosso costuma seja esperar o in\u00edcio de um novo ano para pensar sobre esse assunto, definir metas, avaliar metas e refin\u00e1-las \u00e9 uma tarefa digna para quase todos os dias. <\/p>\n","protected":false},"author":1,"featured_media":14421,"comment_status":"open","ping_status":"open","sticky":false,"template":"","format":"standard","meta":{"footnotes":""},"categories":[28,22],"tags":[],"class_list":["post-87","post","type-post","status-publish","format-standard","has-post-thumbnail","hentry","category-pastoral","category-vida-crista"],"yoast_head":"<!-- This site is optimized with the Yoast SEO plugin v18.3 - https:\/\/yoast.com\/wordpress\/plugins\/seo\/ -->\n<title>Estabelecendo objetivos - Igreja Presbiteriana Alian\u00e7a<\/title>\n<meta name=\"robots\" content=\"index, follow, max-snippet:-1, max-image-preview:large, max-video-preview:-1\" \/>\n<link rel=\"canonical\" href=\"https:\/\/ipaliancadf.org\/index.php\/2021\/07\/18\/estabelecendo-objetivos\/\" \/>\n<meta property=\"og:locale\" content=\"pt_BR\" \/>\n<meta property=\"og:type\" content=\"article\" \/>\n<meta property=\"og:title\" content=\"Estabelecendo objetivos - Igreja Presbiteriana Alian\u00e7a\" \/>\n<meta property=\"og:description\" content=\"Embora o nosso costuma seja esperar o in\u00edcio de um novo ano para pensar sobre esse assunto, definir metas, avaliar metas e refin\u00e1-las \u00e9 uma tarefa digna para quase todos os dias.\" \/>\n<meta property=\"og:url\" content=\"https:\/\/ipaliancadf.org\/index.php\/2021\/07\/18\/estabelecendo-objetivos\/\" \/>\n<meta property=\"og:site_name\" content=\"Igreja Presbiteriana Alian\u00e7a\" \/>\n<meta property=\"article:published_time\" content=\"2021-07-18T15:08:00+00:00\" \/>\n<meta property=\"article:modified_time\" content=\"2021-11-19T17:52:26+00:00\" \/>\n<meta property=\"og:image\" content=\"https:\/\/ipaliancadf.org\/wp-content\/uploads\/2017\/07\/11-860x500-copiar.jpg\" \/>\n\t<meta property=\"og:image:width\" content=\"860\" \/>\n\t<meta property=\"og:image:height\" content=\"500\" \/>\n\t<meta property=\"og:image:type\" content=\"image\/jpeg\" \/>\n<meta name=\"twitter:card\" content=\"summary_large_image\" \/>\n<meta name=\"twitter:label1\" content=\"Escrito por\" \/>\n\t<meta name=\"twitter:data1\" content=\"ipali249\" \/>\n\t<meta name=\"twitter:label2\" content=\"Est. tempo de leitura\" \/>\n\t<meta name=\"twitter:data2\" content=\"4 minutos\" \/>\n<script type=\"application\/ld+json\" class=\"yoast-schema-graph\">{\"@context\":\"https:\/\/schema.org\",\"@graph\":[{\"@type\":\"WebSite\",\"@id\":\"https:\/\/ipaliancadf.org\/#website\",\"url\":\"https:\/\/ipaliancadf.org\/\",\"name\":\"Igreja Presbiteriana Alian\u00e7a\",\"description\":\"\",\"potentialAction\":[{\"@type\":\"SearchAction\",\"target\":{\"@type\":\"EntryPoint\",\"urlTemplate\":\"https:\/\/ipaliancadf.org\/?s={search_term_string}\"},\"query-input\":\"required name=search_term_string\"}],\"inLanguage\":\"pt-BR\"},{\"@type\":\"ImageObject\",\"@id\":\"https:\/\/ipaliancadf.org\/index.php\/2021\/07\/18\/estabelecendo-objetivos\/#primaryimage\",\"inLanguage\":\"pt-BR\",\"url\":\"https:\/\/ipaliancadf.org\/wp-content\/uploads\/2017\/07\/11-860x500-copiar.jpg\",\"contentUrl\":\"https:\/\/ipaliancadf.org\/wp-content\/uploads\/2017\/07\/11-860x500-copiar.jpg\",\"width\":860,\"height\":500},{\"@type\":\"WebPage\",\"@id\":\"https:\/\/ipaliancadf.org\/index.php\/2021\/07\/18\/estabelecendo-objetivos\/#webpage\",\"url\":\"https:\/\/ipaliancadf.org\/index.php\/2021\/07\/18\/estabelecendo-objetivos\/\",\"name\":\"Estabelecendo objetivos - Igreja Presbiteriana Alian\u00e7a\",\"isPartOf\":{\"@id\":\"https:\/\/ipaliancadf.org\/#website\"},\"primaryImageOfPage\":{\"@id\":\"https:\/\/ipaliancadf.org\/index.php\/2021\/07\/18\/estabelecendo-objetivos\/#primaryimage\"},\"datePublished\":\"2021-07-18T15:08:00+00:00\",\"dateModified\":\"2021-11-19T17:52:26+00:00\",\"author\":{\"@id\":\"https:\/\/ipaliancadf.org\/#\/schema\/person\/548636e1ca31674fe0293088f4c87dc7\"},\"breadcrumb\":{\"@id\":\"https:\/\/ipaliancadf.org\/index.php\/2021\/07\/18\/estabelecendo-objetivos\/#breadcrumb\"},\"inLanguage\":\"pt-BR\",\"potentialAction\":[{\"@type\":\"ReadAction\",\"target\":[\"https:\/\/ipaliancadf.org\/index.php\/2021\/07\/18\/estabelecendo-objetivos\/\"]}]},{\"@type\":\"BreadcrumbList\",\"@id\":\"https:\/\/ipaliancadf.org\/index.php\/2021\/07\/18\/estabelecendo-objetivos\/#breadcrumb\",\"itemListElement\":[{\"@type\":\"ListItem\",\"position\":1,\"name\":\"In\u00edcio\",\"item\":\"https:\/\/ipaliancadf.org\/\"},{\"@type\":\"ListItem\",\"position\":2,\"name\":\"Estabelecendo objetivos\"}]},{\"@type\":\"Person\",\"@id\":\"https:\/\/ipaliancadf.org\/#\/schema\/person\/548636e1ca31674fe0293088f4c87dc7\",\"name\":\"ipali249\",\"image\":{\"@type\":\"ImageObject\",\"@id\":\"https:\/\/ipaliancadf.org\/#personlogo\",\"inLanguage\":\"pt-BR\",\"url\":\"https:\/\/secure.gravatar.com\/avatar\/dbe688cc6fbd13942662b3b8f74dd335c5eeb62515453181081f6e279c795295?s=96&d=mm&r=g\",\"contentUrl\":\"https:\/\/secure.gravatar.com\/avatar\/dbe688cc6fbd13942662b3b8f74dd335c5eeb62515453181081f6e279c795295?s=96&d=mm&r=g\",\"caption\":\"ipali249\"},\"sameAs\":[\"https:\/\/ipaliancadf.org\"],\"url\":\"https:\/\/ipaliancadf.org\/index.php\/author\/ipali249\/\"}]}<\/script>\n<!-- \/ Yoast SEO plugin. -->","yoast_head_json":{"title":"Estabelecendo objetivos - Igreja Presbiteriana Alian\u00e7a","robots":{"index":"index","follow":"follow","max-snippet":"max-snippet:-1","max-image-preview":"max-image-preview:large","max-video-preview":"max-video-preview:-1"},"canonical":"https:\/\/ipaliancadf.org\/index.php\/2021\/07\/18\/estabelecendo-objetivos\/","og_locale":"pt_BR","og_type":"article","og_title":"Estabelecendo objetivos - Igreja Presbiteriana Alian\u00e7a","og_description":"Embora o nosso costuma seja esperar o in\u00edcio de um novo ano para pensar sobre esse assunto, definir metas, avaliar metas e refin\u00e1-las \u00e9 uma tarefa digna para quase todos os dias.","og_url":"https:\/\/ipaliancadf.org\/index.php\/2021\/07\/18\/estabelecendo-objetivos\/","og_site_name":"Igreja Presbiteriana Alian\u00e7a","article_published_time":"2021-07-18T15:08:00+00:00","article_modified_time":"2021-11-19T17:52:26+00:00","og_image":[{"width":860,"height":500,"url":"https:\/\/ipaliancadf.org\/wp-content\/uploads\/2017\/07\/11-860x500-copiar.jpg","type":"image\/jpeg"}],"twitter_card":"summary_large_image","twitter_misc":{"Escrito por":"ipali249","Est. tempo de leitura":"4 minutos"},"schema":{"@context":"https:\/\/schema.org","@graph":[{"@type":"WebSite","@id":"https:\/\/ipaliancadf.org\/#website","url":"https:\/\/ipaliancadf.org\/","name":"Igreja Presbiteriana Alian\u00e7a","description":"","potentialAction":[{"@type":"SearchAction","target":{"@type":"EntryPoint","urlTemplate":"https:\/\/ipaliancadf.org\/?s={search_term_string}"},"query-input":"required name=search_term_string"}],"inLanguage":"pt-BR"},{"@type":"ImageObject","@id":"https:\/\/ipaliancadf.org\/index.php\/2021\/07\/18\/estabelecendo-objetivos\/#primaryimage","inLanguage":"pt-BR","url":"https:\/\/ipaliancadf.org\/wp-content\/uploads\/2017\/07\/11-860x500-copiar.jpg","contentUrl":"https:\/\/ipaliancadf.org\/wp-content\/uploads\/2017\/07\/11-860x500-copiar.jpg","width":860,"height":500},{"@type":"WebPage","@id":"https:\/\/ipaliancadf.org\/index.php\/2021\/07\/18\/estabelecendo-objetivos\/#webpage","url":"https:\/\/ipaliancadf.org\/index.php\/2021\/07\/18\/estabelecendo-objetivos\/","name":"Estabelecendo objetivos - Igreja Presbiteriana Alian\u00e7a","isPartOf":{"@id":"https:\/\/ipaliancadf.org\/#website"},"primaryImageOfPage":{"@id":"https:\/\/ipaliancadf.org\/index.php\/2021\/07\/18\/estabelecendo-objetivos\/#primaryimage"},"datePublished":"2021-07-18T15:08:00+00:00","dateModified":"2021-11-19T17:52:26+00:00","author":{"@id":"https:\/\/ipaliancadf.org\/#\/schema\/person\/548636e1ca31674fe0293088f4c87dc7"},"breadcrumb":{"@id":"https:\/\/ipaliancadf.org\/index.php\/2021\/07\/18\/estabelecendo-objetivos\/#breadcrumb"},"inLanguage":"pt-BR","potentialAction":[{"@type":"ReadAction","target":["https:\/\/ipaliancadf.org\/index.php\/2021\/07\/18\/estabelecendo-objetivos\/"]}]},{"@type":"BreadcrumbList","@id":"https:\/\/ipaliancadf.org\/index.php\/2021\/07\/18\/estabelecendo-objetivos\/#breadcrumb","itemListElement":[{"@type":"ListItem","position":1,"name":"In\u00edcio","item":"https:\/\/ipaliancadf.org\/"},{"@type":"ListItem","position":2,"name":"Estabelecendo objetivos"}]},{"@type":"Person","@id":"https:\/\/ipaliancadf.org\/#\/schema\/person\/548636e1ca31674fe0293088f4c87dc7","name":"ipali249","image":{"@type":"ImageObject","@id":"https:\/\/ipaliancadf.org\/#personlogo","inLanguage":"pt-BR","url":"https:\/\/secure.gravatar.com\/avatar\/dbe688cc6fbd13942662b3b8f74dd335c5eeb62515453181081f6e279c795295?s=96&d=mm&r=g","contentUrl":"https:\/\/secure.gravatar.com\/avatar\/dbe688cc6fbd13942662b3b8f74dd335c5eeb62515453181081f6e279c795295?s=96&d=mm&r=g","caption":"ipali249"},"sameAs":["https:\/\/ipaliancadf.org"],"url":"https:\/\/ipaliancadf.org\/index.php\/author\/ipali249\/"}]}},"_links":{"self":[{"href":"https:\/\/ipaliancadf.org\/index.php\/wp-json\/wp\/v2\/posts\/87","targetHints":{"allow":["GET"]}}],"collection":[{"href":"https:\/\/ipaliancadf.org\/index.php\/wp-json\/wp\/v2\/posts"}],"about":[{"href":"https:\/\/ipaliancadf.org\/index.php\/wp-json\/wp\/v2\/types\/post"}],"author":[{"embeddable":true,"href":"https:\/\/ipaliancadf.org\/index.php\/wp-json\/wp\/v2\/users\/1"}],"replies":[{"embeddable":true,"href":"https:\/\/ipaliancadf.org\/index.php\/wp-json\/wp\/v2\/comments?post=87"}],"version-history":[{"count":3,"href":"https:\/\/ipaliancadf.org\/index.php\/wp-json\/wp\/v2\/posts\/87\/revisions"}],"predecessor-version":[{"id":14445,"href":"https:\/\/ipaliancadf.org\/index.php\/wp-json\/wp\/v2\/posts\/87\/revisions\/14445"}],"wp:featuredmedia":[{"embeddable":true,"href":"https:\/\/ipaliancadf.org\/index.php\/wp-json\/wp\/v2\/media\/14421"}],"wp:attachment":[{"href":"https:\/\/ipaliancadf.org\/index.php\/wp-json\/wp\/v2\/media?parent=87"}],"wp:term":[{"taxonomy":"category","embeddable":true,"href":"https:\/\/ipaliancadf.org\/index.php\/wp-json\/wp\/v2\/categories?post=87"},{"taxonomy":"post_tag","embeddable":true,"href":"https:\/\/ipaliancadf.org\/index.php\/wp-json\/wp\/v2\/tags?post=87"}],"curies":[{"name":"wp","href":"https:\/\/api.w.org\/{rel}","templated":true}]}}