{"id":285,"date":"2021-07-14T11:28:00","date_gmt":"2021-07-14T14:28:00","guid":{"rendered":"http:\/\/welfare.cmsmasters.net\/?p=285"},"modified":"2021-11-19T14:52:57","modified_gmt":"2021-11-19T17:52:57","slug":"nao-sou-bom","status":"publish","type":"post","link":"https:\/\/ipaliancadf.org\/index.php\/2021\/07\/14\/nao-sou-bom\/","title":{"rendered":"Eu n\u00e3o sou bom"},"content":{"rendered":"<p>Muitas vezes eu j\u00e1 disse: &#8220;N\u00e3o sou bom&#8221; ou &#8220;N\u00e3o sou bom nisso&#8221; e muitas vezes j\u00e1 ouvi isso de muitas outras pessoas. Em boa parte das vezes, esses coment\u00e1rios foram autodepreciativos, mas na maioria das vezes foram, na verdade, solicita\u00e7\u00f5es de afirma\u00e7\u00e3o ou um desejo velado de elogios (&#8220;Oh, Fulano, voc\u00ea \u00e9 muito bom ou voc\u00ea \u00e9 sim muito bom nisso&#8230;&#8221; ou &#8220;Voc\u00ea n\u00e3o \u00e9 nada disso que t\u00e1 falando&#8230;&#8221;).<\/p>\n<p>Se o ap\u00f3stolo Paulo pudesse me ouvir dizer: \u201cN\u00e3o sou bom\u201d, suspeito que ele responderia rapidamente: \u201cAm\u00e9m!\u201d E, na verdade, ele completaria: \u201cvoc\u00ea subestimou significativamente o qu\u00e3o ruim voc\u00ea \u00e9.\u201d Paulo n\u00e3o era amigo do movimento da auto-ajuda. Ele era um defensor do movimento da desglorifica\u00e7\u00e3o, o que \u00e9 condi\u00e7\u00e3o fundamental para a glorifica\u00e7\u00e3o de Cristo. Sem desglorifica\u00e7\u00e3o pessoal ningu\u00e9m poder\u00e1 glorificar de fato ao Senhor. Ele queria obliterar qualquer pretens\u00e3o de autossufici\u00eancia e justi\u00e7a pr\u00f3pria. Nosso mundo \u00e9 farto dessas coisas para a alegria do Diabo.<\/p>\n<p>Ent\u00e3o, em Romanos 7:18, ao considerar sua luta atual contra o pecado, ele diz: \u201cPorque eu sei que em mim, isto \u00e9, na minha carne, n\u00e3o habita bem nenhum&#8230;\u201d Quando Paulo considerou sua pr\u00f3pria busca pela justi\u00e7a e sua pr\u00f3pria habilidade espiritual, ele disse, \u201cn\u00e3o h\u00e1 nada de bom em mim\u201d. Sua declara\u00e7\u00e3o em Rm 7:18 \u00e9 muito mais uma s\u00edntese de sua declara\u00e7\u00e3o expandida sobre a deprava\u00e7\u00e3o do homem em Rm 3:10-18. N\u00e3o h\u00e1 ningu\u00e9m que seja justo por si mesmo. Ningu\u00e9m \u00e9 justo e ningu\u00e9m deseja o bem e ningu\u00e9m busca o bem por conta pr\u00f3pria.<\/p>\n<p>Mas a frase-chave em 7:18 \u00e9 &#8220;na minha carne&#8221;. Essa frase aponta para seu pr\u00f3prio trabalho, seu pr\u00f3prio esfor\u00e7o, e sua pr\u00f3pria busca da justi\u00e7a \u00e0 parte de Deus e \u00e0 parte de Cristo. Essa frase \u00e9 importante porque \u00e9 um lembrete de que com Cristo, h\u00e1 muito, mas muito do que \u00e9 bom no crente. A bondade n\u00e3o \u00e9 sua e n\u00e3o \u00e9 obra sua, mas \u00e9 bondade, de fato. O que \u00e9 bom no crente?<\/p>\n<p>A justi\u00e7a de Cristo est\u00e1 em n\u00f3s. Fomos imputados pela justi\u00e7a de Cristo e declarados justos. Deus nos trata como se f\u00f4ssemos t\u00e3o justos quanto Cristo. Esta \u00e9 a \u00eanfase de Rm 5:12 &#8211; 6:23: temos o dom da justi\u00e7a de Cristo (5:15); temos a vida que vem da justifica\u00e7\u00e3o (5:18); estamos sendo e seremos feitos justos (5:19); somos recipientes de gra\u00e7a transbordante (5:20-21); estamos totalmente identificados com Cristo e Sua vida (6:3-5); nosso corpo de pecado foi eliminado (6:6). Se somos crentes em Cristo, temos a justi\u00e7a de Cristo em n\u00f3s. Essa \u00e9 a nossa estima, n\u00e3o uma auto-estima, mas uma Cristo-estima!<\/p>\n<p>E tem mais! O Esp\u00edrito Santo de Cristo e de Deus habita em n\u00f3s (Jo 14:17; Rm 8:9, 11; 1 Jo 4:12). E Ele est\u00e1 produzindo Seu fruto (Gl 5:22-23), a implanta\u00e7\u00e3o do car\u00e1ter de Cristo em n\u00f3s, est\u00e1 dando Seus dons (Rm 12: 3ss), distribuindo a cada um habilidades do nosso Senhor, e convencendo, conduzindo e dirigindo (Jo 16: 8-11) aqueles que Ele habita. Isso \u00e9 estima teoreferente. Nosso maior e verdadeiro valor!<\/p>\n<p>E tem mais, muito mais. Temos Santidade, chamada de \u201clei do Esp\u00edrito da vida em Cristo Jesus\u201d est\u00e1 em n\u00f3s (6:13, 17; 7: 6, 22, 25). N\u00e3o, o crente n\u00e3o \u00e9 completamente justo ou totalmente maduro, mas est\u00e1 crescendo em santidade e fazendo coisas que agradam a Deus (2 Co 5:9). O desejo de ser santo \u00e9 fruto de um cora\u00e7\u00e3o transformado que agora est\u00e1 em n\u00f3s (Ez 36:26; Lc 22:20). O crente faz o bem porque deseja fazer o bem. Ele tem uma nova inclina\u00e7\u00e3o e um novo desejo de fazer o bem dentro dele (Rm 7:22a).<\/p>\n<p>O que mais Pastor? Nessa grande transforma\u00e7\u00e3o passamos a ter uma \u201cboa consci\u00eancia\u201d (1 Tm 1:5, 19; 1 Pe 3:16, 21). Sim, todos os homens t\u00eam consci\u00eancia (Rm 2:14-15), mas a consci\u00eancia do crente foi limpa e est\u00e1 sendo treinada para que cada vez mais e abertamente fa\u00e7a coisas que est\u00e3o em submiss\u00e3o \u00e0 Palavra de Deus.<\/p>\n<p>N\u00e3o terminamos meus irm\u00e3os! O resumo disso tudo \u00e9 que somos uma nova cria\u00e7\u00e3o em Cristo (2 Co 5:17), uma cria\u00e7\u00e3o que pode agradar a Deus (Rm 5:9; Cl 1:10). O velho homem interior se foi, substitu\u00eddo pelo novo homem interior (Rm 7:22). Aleluia!<\/p>\n<p>Por tudo isso, e nenhuma outra coisa, temos a capacidade de fazer o bem aos outros (Gl 6:10; Ef 4:28), porque Deus nos criou para as boas obras (Ef 2:10; Fp 1:6) que somente podem ser feitas em Cristo. E essa capacidade de fazer o bem nEle vem das Escrituras, que est\u00e1 em n\u00f3s e nos refaz a cada manifesta\u00e7\u00e3o de gra\u00e7a nos tornando capazes para a pr\u00e1tica da Lei da Bondade (2 Tm 3:17).<\/p>\n<p>Seus cora\u00e7\u00f5es j\u00e1 est\u00e3o agitados de alegria com estas coisas? Espero que sim. Mas tem mais: talvez o mais significativo, as boas novas do evangelho est\u00e3o em n\u00f3s (Rm 10:15; 2 Co 4:7). Deus n\u00e3o s\u00f3 nos deu o evangelho para a transforma\u00e7\u00e3o de nossa pr\u00f3pria vida, mas Ele colocou esse evangelho transformador em n\u00f3s como nosso minist\u00e9rio &#8211; somos ministros (servos) do evangelho, dando esse evangelho para aqueles que n\u00e3o cr\u00eaem para que eles possam ser reconciliados com Deus, que os responsabilizar\u00e1 por seus pecados se rejeitaram a Cristo.<\/p>\n<p>Portanto irm\u00e3os, de fato \u201cn\u00e3o somos bons\u201d, porque n\u00e3o somos bons em n\u00f3s mesmos. N\u00e3o temos capacidade para fabricar bondade ou produzir justi\u00e7a por n\u00f3s mesmos. Mas h\u00e1 bondade no homem que foi declarado justo pela f\u00e9 em Cristo (uma bondade estranha e n\u00e3o inerente, mas uma bondade, no entanto, e de fato).<\/p>\n<p>Portanto, se voc\u00ea \u00e9 um crente em Cristo, n\u00e3o, voc\u00ea n\u00e3o \u00e9 bom e n\u00e3o tem bondade em sua carne e quando opera pela carne; mas em Cristo, h\u00e1 muita bondade em voc\u00ea e sendo trabalhada atrav\u00e9s de voc\u00ea. Como Paulo diz em outro lugar, \u201cGra\u00e7as a Deus por Seu indescrit\u00edvel dom\u201d de Cristo.<\/p>\n<p>Que Cristo encha sua semana de gra\u00e7a e gl\u00f3ria, de atos da verdadeira bondade, que somente vem dEle. Testemunhem a bondade do nosso Salvador, o proclamem vivendo e anunciando suas virtudes em suas casas, entre amigos, nas ruas, na redes sociais, em todo lugar e todo tempo. Boa semana a todos meus amados irm\u00e3os e irm\u00e3s.<\/p>\n","protected":false},"excerpt":{"rendered":"<p>Veja aqui sobre como as Escrituras lidam sobre o tema da nossa auto-estima e bondade pessoal.<\/p>\n","protected":false},"author":1,"featured_media":14424,"comment_status":"open","ping_status":"open","sticky":false,"template":"","format":"image","meta":{"footnotes":""},"categories":[28,22],"tags":[],"class_list":["post-285","post","type-post","status-publish","format-image","has-post-thumbnail","hentry","category-pastoral","category-vida-crista","post_format-post-format-image"],"yoast_head":"<!-- This site is optimized with the Yoast SEO plugin v18.3 - https:\/\/yoast.com\/wordpress\/plugins\/seo\/ -->\n<title>Eu n\u00e3o sou bom - Igreja Presbiteriana Alian\u00e7a<\/title>\n<meta name=\"robots\" content=\"index, follow, max-snippet:-1, max-image-preview:large, max-video-preview:-1\" \/>\n<link rel=\"canonical\" href=\"https:\/\/ipaliancadf.org\/index.php\/2021\/07\/14\/nao-sou-bom\/\" \/>\n<meta property=\"og:locale\" content=\"pt_BR\" \/>\n<meta property=\"og:type\" content=\"article\" \/>\n<meta property=\"og:title\" content=\"Eu n\u00e3o sou bom - Igreja Presbiteriana Alian\u00e7a\" \/>\n<meta property=\"og:description\" content=\"Veja aqui sobre como as Escrituras lidam sobre o tema da nossa auto-estima e bondade pessoal.\" \/>\n<meta property=\"og:url\" content=\"https:\/\/ipaliancadf.org\/index.php\/2021\/07\/14\/nao-sou-bom\/\" \/>\n<meta property=\"og:site_name\" content=\"Igreja Presbiteriana Alian\u00e7a\" \/>\n<meta property=\"article:published_time\" content=\"2021-07-14T14:28:00+00:00\" \/>\n<meta property=\"article:modified_time\" content=\"2021-11-19T17:52:57+00:00\" \/>\n<meta property=\"og:image\" content=\"https:\/\/ipaliancadf.org\/wp-content\/uploads\/2017\/07\/01-860x500-copiar-1.jpg\" \/>\n\t<meta property=\"og:image:width\" content=\"860\" \/>\n\t<meta property=\"og:image:height\" content=\"500\" \/>\n\t<meta property=\"og:image:type\" content=\"image\/jpeg\" \/>\n<meta name=\"twitter:card\" content=\"summary_large_image\" \/>\n<meta name=\"twitter:label1\" content=\"Escrito por\" \/>\n\t<meta name=\"twitter:data1\" content=\"ipali249\" \/>\n\t<meta name=\"twitter:label2\" content=\"Est. tempo de leitura\" \/>\n\t<meta name=\"twitter:data2\" content=\"5 minutos\" \/>\n<script type=\"application\/ld+json\" class=\"yoast-schema-graph\">{\"@context\":\"https:\/\/schema.org\",\"@graph\":[{\"@type\":\"WebSite\",\"@id\":\"https:\/\/ipaliancadf.org\/#website\",\"url\":\"https:\/\/ipaliancadf.org\/\",\"name\":\"Igreja Presbiteriana Alian\u00e7a\",\"description\":\"\",\"potentialAction\":[{\"@type\":\"SearchAction\",\"target\":{\"@type\":\"EntryPoint\",\"urlTemplate\":\"https:\/\/ipaliancadf.org\/?s={search_term_string}\"},\"query-input\":\"required name=search_term_string\"}],\"inLanguage\":\"pt-BR\"},{\"@type\":\"ImageObject\",\"@id\":\"https:\/\/ipaliancadf.org\/index.php\/2021\/07\/14\/nao-sou-bom\/#primaryimage\",\"inLanguage\":\"pt-BR\",\"url\":\"https:\/\/ipaliancadf.org\/wp-content\/uploads\/2017\/07\/01-860x500-copiar-1.jpg\",\"contentUrl\":\"https:\/\/ipaliancadf.org\/wp-content\/uploads\/2017\/07\/01-860x500-copiar-1.jpg\",\"width\":860,\"height\":500},{\"@type\":\"WebPage\",\"@id\":\"https:\/\/ipaliancadf.org\/index.php\/2021\/07\/14\/nao-sou-bom\/#webpage\",\"url\":\"https:\/\/ipaliancadf.org\/index.php\/2021\/07\/14\/nao-sou-bom\/\",\"name\":\"Eu n\u00e3o sou bom - Igreja Presbiteriana Alian\u00e7a\",\"isPartOf\":{\"@id\":\"https:\/\/ipaliancadf.org\/#website\"},\"primaryImageOfPage\":{\"@id\":\"https:\/\/ipaliancadf.org\/index.php\/2021\/07\/14\/nao-sou-bom\/#primaryimage\"},\"datePublished\":\"2021-07-14T14:28:00+00:00\",\"dateModified\":\"2021-11-19T17:52:57+00:00\",\"author\":{\"@id\":\"https:\/\/ipaliancadf.org\/#\/schema\/person\/548636e1ca31674fe0293088f4c87dc7\"},\"breadcrumb\":{\"@id\":\"https:\/\/ipaliancadf.org\/index.php\/2021\/07\/14\/nao-sou-bom\/#breadcrumb\"},\"inLanguage\":\"pt-BR\",\"potentialAction\":[{\"@type\":\"ReadAction\",\"target\":[\"https:\/\/ipaliancadf.org\/index.php\/2021\/07\/14\/nao-sou-bom\/\"]}]},{\"@type\":\"BreadcrumbList\",\"@id\":\"https:\/\/ipaliancadf.org\/index.php\/2021\/07\/14\/nao-sou-bom\/#breadcrumb\",\"itemListElement\":[{\"@type\":\"ListItem\",\"position\":1,\"name\":\"In\u00edcio\",\"item\":\"https:\/\/ipaliancadf.org\/\"},{\"@type\":\"ListItem\",\"position\":2,\"name\":\"Eu n\u00e3o sou bom\"}]},{\"@type\":\"Person\",\"@id\":\"https:\/\/ipaliancadf.org\/#\/schema\/person\/548636e1ca31674fe0293088f4c87dc7\",\"name\":\"ipali249\",\"image\":{\"@type\":\"ImageObject\",\"@id\":\"https:\/\/ipaliancadf.org\/#personlogo\",\"inLanguage\":\"pt-BR\",\"url\":\"https:\/\/secure.gravatar.com\/avatar\/dbe688cc6fbd13942662b3b8f74dd335c5eeb62515453181081f6e279c795295?s=96&d=mm&r=g\",\"contentUrl\":\"https:\/\/secure.gravatar.com\/avatar\/dbe688cc6fbd13942662b3b8f74dd335c5eeb62515453181081f6e279c795295?s=96&d=mm&r=g\",\"caption\":\"ipali249\"},\"sameAs\":[\"https:\/\/ipaliancadf.org\"],\"url\":\"https:\/\/ipaliancadf.org\/index.php\/author\/ipali249\/\"}]}<\/script>\n<!-- \/ Yoast SEO plugin. -->","yoast_head_json":{"title":"Eu n\u00e3o sou bom - Igreja Presbiteriana Alian\u00e7a","robots":{"index":"index","follow":"follow","max-snippet":"max-snippet:-1","max-image-preview":"max-image-preview:large","max-video-preview":"max-video-preview:-1"},"canonical":"https:\/\/ipaliancadf.org\/index.php\/2021\/07\/14\/nao-sou-bom\/","og_locale":"pt_BR","og_type":"article","og_title":"Eu n\u00e3o sou bom - Igreja Presbiteriana Alian\u00e7a","og_description":"Veja aqui sobre como as Escrituras lidam sobre o tema da nossa auto-estima e bondade pessoal.","og_url":"https:\/\/ipaliancadf.org\/index.php\/2021\/07\/14\/nao-sou-bom\/","og_site_name":"Igreja Presbiteriana Alian\u00e7a","article_published_time":"2021-07-14T14:28:00+00:00","article_modified_time":"2021-11-19T17:52:57+00:00","og_image":[{"width":860,"height":500,"url":"https:\/\/ipaliancadf.org\/wp-content\/uploads\/2017\/07\/01-860x500-copiar-1.jpg","type":"image\/jpeg"}],"twitter_card":"summary_large_image","twitter_misc":{"Escrito por":"ipali249","Est. tempo de leitura":"5 minutos"},"schema":{"@context":"https:\/\/schema.org","@graph":[{"@type":"WebSite","@id":"https:\/\/ipaliancadf.org\/#website","url":"https:\/\/ipaliancadf.org\/","name":"Igreja Presbiteriana Alian\u00e7a","description":"","potentialAction":[{"@type":"SearchAction","target":{"@type":"EntryPoint","urlTemplate":"https:\/\/ipaliancadf.org\/?s={search_term_string}"},"query-input":"required name=search_term_string"}],"inLanguage":"pt-BR"},{"@type":"ImageObject","@id":"https:\/\/ipaliancadf.org\/index.php\/2021\/07\/14\/nao-sou-bom\/#primaryimage","inLanguage":"pt-BR","url":"https:\/\/ipaliancadf.org\/wp-content\/uploads\/2017\/07\/01-860x500-copiar-1.jpg","contentUrl":"https:\/\/ipaliancadf.org\/wp-content\/uploads\/2017\/07\/01-860x500-copiar-1.jpg","width":860,"height":500},{"@type":"WebPage","@id":"https:\/\/ipaliancadf.org\/index.php\/2021\/07\/14\/nao-sou-bom\/#webpage","url":"https:\/\/ipaliancadf.org\/index.php\/2021\/07\/14\/nao-sou-bom\/","name":"Eu n\u00e3o sou bom - Igreja Presbiteriana Alian\u00e7a","isPartOf":{"@id":"https:\/\/ipaliancadf.org\/#website"},"primaryImageOfPage":{"@id":"https:\/\/ipaliancadf.org\/index.php\/2021\/07\/14\/nao-sou-bom\/#primaryimage"},"datePublished":"2021-07-14T14:28:00+00:00","dateModified":"2021-11-19T17:52:57+00:00","author":{"@id":"https:\/\/ipaliancadf.org\/#\/schema\/person\/548636e1ca31674fe0293088f4c87dc7"},"breadcrumb":{"@id":"https:\/\/ipaliancadf.org\/index.php\/2021\/07\/14\/nao-sou-bom\/#breadcrumb"},"inLanguage":"pt-BR","potentialAction":[{"@type":"ReadAction","target":["https:\/\/ipaliancadf.org\/index.php\/2021\/07\/14\/nao-sou-bom\/"]}]},{"@type":"BreadcrumbList","@id":"https:\/\/ipaliancadf.org\/index.php\/2021\/07\/14\/nao-sou-bom\/#breadcrumb","itemListElement":[{"@type":"ListItem","position":1,"name":"In\u00edcio","item":"https:\/\/ipaliancadf.org\/"},{"@type":"ListItem","position":2,"name":"Eu n\u00e3o sou bom"}]},{"@type":"Person","@id":"https:\/\/ipaliancadf.org\/#\/schema\/person\/548636e1ca31674fe0293088f4c87dc7","name":"ipali249","image":{"@type":"ImageObject","@id":"https:\/\/ipaliancadf.org\/#personlogo","inLanguage":"pt-BR","url":"https:\/\/secure.gravatar.com\/avatar\/dbe688cc6fbd13942662b3b8f74dd335c5eeb62515453181081f6e279c795295?s=96&d=mm&r=g","contentUrl":"https:\/\/secure.gravatar.com\/avatar\/dbe688cc6fbd13942662b3b8f74dd335c5eeb62515453181081f6e279c795295?s=96&d=mm&r=g","caption":"ipali249"},"sameAs":["https:\/\/ipaliancadf.org"],"url":"https:\/\/ipaliancadf.org\/index.php\/author\/ipali249\/"}]}},"_links":{"self":[{"href":"https:\/\/ipaliancadf.org\/index.php\/wp-json\/wp\/v2\/posts\/285","targetHints":{"allow":["GET"]}}],"collection":[{"href":"https:\/\/ipaliancadf.org\/index.php\/wp-json\/wp\/v2\/posts"}],"about":[{"href":"https:\/\/ipaliancadf.org\/index.php\/wp-json\/wp\/v2\/types\/post"}],"author":[{"embeddable":true,"href":"https:\/\/ipaliancadf.org\/index.php\/wp-json\/wp\/v2\/users\/1"}],"replies":[{"embeddable":true,"href":"https:\/\/ipaliancadf.org\/index.php\/wp-json\/wp\/v2\/comments?post=285"}],"version-history":[{"count":2,"href":"https:\/\/ipaliancadf.org\/index.php\/wp-json\/wp\/v2\/posts\/285\/revisions"}],"predecessor-version":[{"id":14447,"href":"https:\/\/ipaliancadf.org\/index.php\/wp-json\/wp\/v2\/posts\/285\/revisions\/14447"}],"wp:featuredmedia":[{"embeddable":true,"href":"https:\/\/ipaliancadf.org\/index.php\/wp-json\/wp\/v2\/media\/14424"}],"wp:attachment":[{"href":"https:\/\/ipaliancadf.org\/index.php\/wp-json\/wp\/v2\/media?parent=285"}],"wp:term":[{"taxonomy":"category","embeddable":true,"href":"https:\/\/ipaliancadf.org\/index.php\/wp-json\/wp\/v2\/categories?post=285"},{"taxonomy":"post_tag","embeddable":true,"href":"https:\/\/ipaliancadf.org\/index.php\/wp-json\/wp\/v2\/tags?post=285"}],"curies":[{"name":"wp","href":"https:\/\/api.w.org\/{rel}","templated":true}]}}