{"id":10736,"date":"2021-05-05T09:25:00","date_gmt":"2021-05-05T12:25:00","guid":{"rendered":"http:\/\/eco-press.cmsmasters.net\/?p=10736"},"modified":"2021-11-19T14:53:59","modified_gmt":"2021-11-19T17:53:59","slug":"devemos-nossas-maes","status":"publish","type":"post","link":"https:\/\/ipaliancadf.org\/index.php\/2021\/05\/05\/devemos-nossas-maes\/","title":{"rendered":"O que devemos \u00e0s nossas m\u00e3es?"},"content":{"rendered":"<p>Hoje \u00e9 celebrado o \u201cdia das m\u00e3es\u201d! Certamente iremos nos alegrar e honrar nossas m\u00e3es no dia de hoje. Mas quero pensar muito mais e al\u00e9m de um dia. Quero refletir com voc\u00eas sobre o que \u201cdevemos \u00e0s nossas m\u00e3es\u201d. Alguns, eu me arrisco, diriam que n\u00e3o devem nada. J\u00e1 vi, e n\u00e3o apenas em filmes, filhos adultos dizendo que n\u00e3o devem nada a seus pais. Dizem que n\u00e3o pediram para vir ao mundo e, uma vez que os pais eram respons\u00e1veis por estarem ali, eles lhe deviam tudo.<\/p>\n<p>A perspectiva b\u00edblica n\u00e3o \u00e9 unilateral. Embora a B\u00edblia enfatize que os pais devem muito aos filhos \u2014 por serem respons\u00e1veis pela vinda deles ao mundo \u2014 ela tamb\u00e9m enfatiza que os filhos devem algo para os pais. Se n\u00e3o fosse pelos pais, os filhos n\u00e3o estariam vivos. O dom da vida \u00e9 um dom especial. Por isso Ef\u00e9sios 6:1\u20134 desafia tanto os pais quanto os filhos: \u201cFilhos, obedecei a vossos pais no Senhor, pois isto \u00e9 justo. Honra a teu pai e a tua m\u00e3e (que \u00e9 o primeiro mandamento com promessa), para que te v\u00e1 bem, e sejas de longa vida sobre a terra. E v\u00f3s, pais, n\u00e3o provoqueis vossos filhos \u00e0 ira, mas criai-os na disciplina e na admoesta\u00e7\u00e3o do Senhor.\u201d<\/p>\n<p>Alguns pais vivem como se s\u00f3 os filhos tivessem responsabilidades. Alguns filhos vivem como se s\u00f3 os pais tivessem responsabilidades. Nenhuma dessas atitudes est\u00e1 certa. Temos visto muito sobre como os pais t\u00eam a responsabilidade de cuidar dos filhos e trein\u00e1-los. Em retribui\u00e7\u00e3o a isto, o que devemos aos nossos pais? Hoje, em especial, \u201co que devemos \u00e0s nossas m\u00e3es\u201d?<\/p>\n<p>1) NOSSA CONSIDERA\u00c7\u00c3O. Quando Paulo falou de pessoas se desviando de Deus, ele incluiu a ingratid\u00e3o como ind\u00edcio de como se tornariam impiedosas: \u201cnem lhe deram gra\u00e7as\u2026\u201d (Romanos 1:21). \u00c9 fato que Paulo est\u00e1 falando da gratid\u00e3o a Deus, mas creio firmemente que n\u00e3o demonstramos gratid\u00e3o a Deus sendo ingratos aos instrumentos usados por Ele. E nossas m\u00e3es s\u00e3o preciosos instrumentos dEle em nossas vidas. Elas n\u00e3o apenas nos gestaram, mas tamb\u00e9m nos amaram e cuidaram de n\u00f3s. Voc\u00ea tem considera\u00e7\u00e3o, de verdade, pela sua m\u00e3e? Voc\u00ea \u00e9 agradecido por tudo que ela fez por voc\u00ea? Voc\u00ea diz a ela o quanto a considera e estima? Voc\u00ea deve isso a ela.<\/p>\n<p>2) NOSSO RESPEITO. Devemos \u00e0s nossas m\u00e3es respeito \u2014 n\u00e3o porque elas estejam sempre certas, mas simplesmente porque elas s\u00e3o nossas m\u00e3es. Essa verdade b\u00e1sica foi enfatizada muito tempo atr\u00e1s nos dez mandamentos: \u201cHonra teu pai e tua m\u00e3e, para que se prolonguem os teus dias na terra que o Senhor, teu Deus, te d\u00e1\u201d (\u00caxodo 20:12). A palavra \u201chonra\u201d inclui respeito e tudo o que est\u00e1 impl\u00edcito nele. Como podemos mostrar respeito pelas nossas m\u00e3es? a) Mostramos respeito (ou a falta dele) pela maneira como falamos com nossas m\u00e3es. b) Mostramos respeito (ou a falta dele) pela maneira como falamos de nossas m\u00e3es. 3) Tamb\u00e9m mostramos respeito (ou a falta dele) pela maneira como agimos; palavras s\u00e3o desnecess\u00e1rias para quem \u00e9 desrespeitoso. Prov\u00e9rbios 30:17 fala dos \u201colhos de quem zomba do pai ou de quem despreza a obedi\u00eancia \u00e0 sua m\u00e3e\u201d, dizendo que \u201ccorvos no ribeiro os arrancar\u00e3o e pelos pint\u00e3os da \u00e1guia ser\u00e3o comidos\u201d. Quando leio isso, posso ver um adolescente protestando ap\u00f3s ser repreendido: \u201cO que foi que eu falei de mais?\u201d \u2014 e a m\u00e3e respondendo: \u201cN\u00e3o foi o que voc\u00ea falou, mas o jeito que voc\u00ea virou os olhos\u201d. No Antigo Testamento, o filho que de alguma maneira maltratasse os pais era uma vergonha e uma desgra\u00e7a (Prov\u00e9rbios 19:26). O filho que agredisse fisicamente seu pai ou sua m\u00e3e deveria ser morto (\u00caxodo 21:15). Poder\u00edamos fazer uma longa lista de maneiras pelas quais os filhos podem mostrar respeito \u2014 ou a falta dele \u2014 pelos pais. Voc\u00ea deve respeito \u00e0 sua m\u00e3e.<\/p>\n<p>3) NOSSA OBEDI\u00caNCIA. Obedecer aos pais est\u00e1 intimamente ligado ao desafio de respeit\u00e1-los. Deixar de obedecer aos pais \u00e9 um problema constante. Quando Paulo estava descrevendo a decad\u00eancia da sua \u00e9poca, ele incluiu estes sintomas: \u201cjactanciosos, arrogantes\u2026 desobedientes aos pais, ingratos, irreverentes\u201d (2 Tim\u00f3teo 3:2). O que significa um filho obedecer aos pais? Significa que o filho faz o que seus pais mandam depois de repetidos resmungos? N\u00e3o, a verdadeira&nbsp; obedi\u00eancia significa que o filho atende rapidamente, com alegria, at\u00e9 antecipando pedidos. \u00c9 isto o que Deus deseja, e esse comportamento \u00e9 uma alegria para qualquer pai ou m\u00e3e. Os pais nem sempre est\u00e3o certos, mas se realmente estiverem preocupados com os filhos, certamente acertar\u00e3o mais do que errar\u00e3o. Crian\u00e7as, adolescentes, se voc\u00eas t\u00eam pais que se preocupam com voc\u00eas o suficiente para lhes impor restri\u00e7\u00f5es, agrade\u00e7am a Deus por t\u00ea-los! Voc\u00ea deve obedi\u00eancia \u00e0 sua m\u00e3e.<\/p>\n<p>4) NOSSA COMPREENS\u00c3O. As pr\u00f3ximas \u201cd\u00edvidas\u201d que irei mencionar est\u00e3o intrinsecamente ligadas \u00e0 considera\u00e7\u00e3o, ao respeito e \u00e0 obedi\u00eancia; mas s\u00e3o importantes o bastante para serem abordadas separadamente. O pr\u00f3ximo item da lista \u00e9 \u201ccompreens\u00e3o\u201d. Devemos \u00e0s nossas m\u00e3es a m\u00e1xima compreens\u00e3o solid\u00e1ria poss\u00edvel. Pedro afirma que os maridos s\u00e3o admoestados a viver com suas mulheres \u201ccom discernimento\u201d (1 Pedro 3:7). Esse n\u00e3o \u00e9 um mau conselho para todos os relacionamentos dentro do lar. Devemos tentar compreender uns aos outros. J\u00e1 ouvi muito filhos dizerem: \u201cMeus pais n\u00e3o me entendem\u201d. Eles parecem estar inconscientes de que o entendimento opera em ambas as dire\u00e7\u00f5es. Voc\u00ea, filho, j\u00e1 avaliou a possibilidade de que a maior falta de compreens\u00e3o pode estar partindo de voc\u00ea? Pode ser que voc\u00ea queira que sua m\u00e3e veja as coisas do seu ponto de vista, mas quanto tempo voc\u00ea passa tentando ver as coisas do ponto de vista dela?<\/p>\n<p>5) NOSSA COOPERA\u00c7\u00c3O. Devemos \u00e0s nossas m\u00e3es a m\u00e1xima coopera\u00e7\u00e3o poss\u00edvel. Elas desde que se casaram passaram a ter enormes pesos sobre suas costas. Devemos tornar essa pesada tarefa o mais f\u00e1cil poss\u00edvel. Crian\u00e7as, adolescentes, suas m\u00e3es todos os dias fazem muito por voc\u00eas, inclusive se importam com voc\u00eas o bastante para disciplin\u00e1-los, d\u00eaem gra\u00e7as por isso tamb\u00e9m. E em tudo, deem \u00e0s suas m\u00e3es a coopera\u00e7\u00e3o que faz as coisas ficarem mais f\u00e1ceis. Se voc\u00ea \u00e9 um filho adulto, gostaria de lembrar das palavras de Paulo em 1 Tim\u00f3teo 5:8 diz que \u201cse algu\u00e9m n\u00e3o tem cuidado dos seus e especialmente dos da pr\u00f3pria casa, tem negado a f\u00e9 e \u00e9 pior do que o descrente\u201d. Coopere com sua m\u00e3e provendo cuidado! Voc\u00ea deve isso a ela!<\/p>\n<p>6) O MELHOR DE N\u00d3S. Devemos aos nossos pais ser os melhores filhos e filhas que pudermos ser. N\u00e3o importa quantos elogios fa\u00e7amos verbalmente \u00e0s nossas m\u00e3es, os presentes e as homenagens em dias das m\u00e3es, se n\u00e3o vivermos corretamente, n\u00e3o estaremos demonstrando respeito. Quando os filhos de Jac\u00f3 n\u00e3o agiram certo, Jac\u00f3 disse: \u201cV\u00f3s me afligistes e me fizestes odioso entre os moradores desta terra\u2026\u201d (G\u00eanesis 34:30). O maior tributo que podemos prestar \u00e0s nossas m\u00e3es \u00e9 sermos o que Deus quer que sejamos para elas \u2014 filhos crist\u00e3os de verdade, com f\u00e9 operante e amor abnegado \u2014 e depois vivermos a vida crist\u00e3 o melhor que a nossa capacidade permitir. Devemos ser o melhor que pudermos quando somos jovens. \u201cAt\u00e9 a crian\u00e7a se d\u00e1 a conhecer pelas suas a\u00e7\u00f5es, se o que faz \u00e9 puro e reto\u201d (Prov\u00e9rbios 20:11). Devemos ser o melhor que pudermos quando formos velhos. Devemos ser o melhor que pudermos quando nossos pais tiverem falecido; devemos ser fi\u00e9is em mem\u00f3ria deles. Devemos ser o melhor que pudermos, mesmo se os nossos pais n\u00e3o forem (ou n\u00e3o tiverem sido) crist\u00e3os. Se ainda estiverem vivos, podemos ganh\u00e1-los para Cristo atrav\u00e9s do nosso exemplo (1 Pedro 5:1\u20134). Se j\u00e1 tiverem falecido, ainda o enaltecemos sendo fi\u00e9is ao que sabemos ser a verdade. Devemos \u00e0s nossas m\u00e3es ser o melhor que pudermos.<\/p>\n<p>7) NOSSO AMOR CONT\u00cdNUO. Finalmente, devemos \u00e0s nossas m\u00e3es amor cont\u00ednuo e preocupa\u00e7\u00e3o com elas enquanto estiverem vivos. Algumas das verdades que apresentamos nesta pastoral se aplicam primeiramente aos filhos que ainda moram com os pais (e especialmente as crian\u00e7as e adolescentes), mas muitos ensinos se aplicam a todos n\u00f3s por toda a vida. Enquanto vivermos, devemos \u00e0s nossas m\u00e3es nossa considera\u00e7\u00e3o, nosso respeito, nossa compreens\u00e3o solid\u00e1ria e nosso esfor\u00e7o sendo os melhores filhos e filhas que pudermos. Mas esta \u00faltima d\u00edvida envolve primeiramente aqueles dentre n\u00f3s que j\u00e1 s\u00e3o adultos. Devemos continuar demonstrando e expressando amor e preocupa\u00e7\u00e3o com as nossas m\u00e3es enquanto elas viverem. Devemos fazer isto atrav\u00e9s de palavras \u2014 palavras ditas face \u00e0 face, palavras ditas pelo telefone, palavras escritas numa carta. Tamb\u00e9m devemos fazer isto atrav\u00e9s de atos. Uma parte desse amor se traduz no cuidado com quando elas ficam idosas. Anteriormente, citamos 1 Tim\u00f3teo 5:8: \u201cOra, se algu\u00e9m n\u00e3o tem cuidado dos seus e especialmente dos da pr\u00f3pria casa, tem negado a f\u00e9 e \u00e9 pior do que o descrente\u201d. N\u00e3o preciso explicar, preciso? Voc\u00ea deve \u00e0 sua m\u00e3e, um amor profundo, e cont\u00ednuo! Prov\u00e9rbios 28:24 fala do terr\u00edvel pecado de algu\u00e9m roubar os pr\u00f3prios pais: \u201cO que rouba a seu pai ou a sua m\u00e3e e diz: N\u00e3o \u00e9 pecado, companheiro \u00e9 do destruidor\u201d.<\/p>\n<p>Jamais seremos culpados desse crime abomin\u00e1vel \u2014 dizemos n\u00f3s \u2014 mas, e se n\u00e3o dermos \u00e0s nossas m\u00e3es o que lhe devemos?&nbsp; Que o Senhor te conceda a gra\u00e7a e a ben\u00e7\u00e3o de dar \u00e0 sua m\u00e3e o que voc\u00ea deve a ela.<\/p>\n<p>\u00c0s m\u00e3es de nossa Igreja, hoje e todos os dias, nosso amor e honra a voc\u00eas e que o Senhor Deus continue a as aben\u00e7oar. Feliz Dia das M\u00e3es!<\/p>\n","protected":false},"excerpt":{"rendered":"<p>Alguns pais vivem como se s\u00f3 os filhos tivessem responsabilidades. Alguns filhos vivem como se s\u00f3 os pais tivessem responsabilidades. Nenhuma dessas atitudes est\u00e1 certa. <\/p>\n","protected":false},"author":1,"featured_media":14435,"comment_status":"open","ping_status":"open","sticky":false,"template":"","format":"image","meta":{"footnotes":""},"categories":[26,28],"tags":[],"class_list":["post-10736","post","type-post","status-publish","format-image","has-post-thumbnail","hentry","category-familia","category-pastoral","post_format-post-format-image"],"yoast_head":"<!-- This site is optimized with the Yoast SEO plugin v18.3 - https:\/\/yoast.com\/wordpress\/plugins\/seo\/ -->\n<title>O que devemos \u00e0s nossas m\u00e3es? - Igreja Presbiteriana Alian\u00e7a<\/title>\n<meta name=\"robots\" content=\"index, follow, max-snippet:-1, max-image-preview:large, max-video-preview:-1\" \/>\n<link rel=\"canonical\" href=\"https:\/\/ipaliancadf.org\/index.php\/2021\/05\/05\/devemos-nossas-maes\/\" \/>\n<meta property=\"og:locale\" content=\"pt_BR\" \/>\n<meta property=\"og:type\" content=\"article\" \/>\n<meta property=\"og:title\" content=\"O que devemos \u00e0s nossas m\u00e3es? - Igreja Presbiteriana Alian\u00e7a\" \/>\n<meta property=\"og:description\" content=\"Alguns pais vivem como se s\u00f3 os filhos tivessem responsabilidades. Alguns filhos vivem como se s\u00f3 os pais tivessem responsabilidades. Nenhuma dessas atitudes est\u00e1 certa.\" \/>\n<meta property=\"og:url\" content=\"https:\/\/ipaliancadf.org\/index.php\/2021\/05\/05\/devemos-nossas-maes\/\" \/>\n<meta property=\"og:site_name\" content=\"Igreja Presbiteriana Alian\u00e7a\" \/>\n<meta property=\"article:published_time\" content=\"2021-05-05T12:25:00+00:00\" \/>\n<meta property=\"article:modified_time\" content=\"2021-11-19T17:53:59+00:00\" \/>\n<meta property=\"og:image\" content=\"https:\/\/ipaliancadf.org\/wp-content\/uploads\/2017\/07\/00-860x500-copiar-8.jpg\" \/>\n\t<meta property=\"og:image:width\" content=\"860\" \/>\n\t<meta property=\"og:image:height\" content=\"500\" \/>\n\t<meta property=\"og:image:type\" content=\"image\/jpeg\" \/>\n<meta name=\"twitter:card\" content=\"summary_large_image\" \/>\n<meta name=\"twitter:label1\" content=\"Escrito por\" \/>\n\t<meta name=\"twitter:data1\" content=\"ipali249\" \/>\n\t<meta name=\"twitter:label2\" content=\"Est. tempo de leitura\" \/>\n\t<meta name=\"twitter:data2\" content=\"7 minutos\" \/>\n<script type=\"application\/ld+json\" class=\"yoast-schema-graph\">{\"@context\":\"https:\/\/schema.org\",\"@graph\":[{\"@type\":\"WebSite\",\"@id\":\"https:\/\/ipaliancadf.org\/#website\",\"url\":\"https:\/\/ipaliancadf.org\/\",\"name\":\"Igreja Presbiteriana Alian\u00e7a\",\"description\":\"\",\"potentialAction\":[{\"@type\":\"SearchAction\",\"target\":{\"@type\":\"EntryPoint\",\"urlTemplate\":\"https:\/\/ipaliancadf.org\/?s={search_term_string}\"},\"query-input\":\"required name=search_term_string\"}],\"inLanguage\":\"pt-BR\"},{\"@type\":\"ImageObject\",\"@id\":\"https:\/\/ipaliancadf.org\/index.php\/2021\/05\/05\/devemos-nossas-maes\/#primaryimage\",\"inLanguage\":\"pt-BR\",\"url\":\"https:\/\/ipaliancadf.org\/wp-content\/uploads\/2017\/07\/00-860x500-copiar-8.jpg\",\"contentUrl\":\"https:\/\/ipaliancadf.org\/wp-content\/uploads\/2017\/07\/00-860x500-copiar-8.jpg\",\"width\":860,\"height\":500},{\"@type\":\"WebPage\",\"@id\":\"https:\/\/ipaliancadf.org\/index.php\/2021\/05\/05\/devemos-nossas-maes\/#webpage\",\"url\":\"https:\/\/ipaliancadf.org\/index.php\/2021\/05\/05\/devemos-nossas-maes\/\",\"name\":\"O que devemos \u00e0s nossas m\u00e3es? - Igreja Presbiteriana Alian\u00e7a\",\"isPartOf\":{\"@id\":\"https:\/\/ipaliancadf.org\/#website\"},\"primaryImageOfPage\":{\"@id\":\"https:\/\/ipaliancadf.org\/index.php\/2021\/05\/05\/devemos-nossas-maes\/#primaryimage\"},\"datePublished\":\"2021-05-05T12:25:00+00:00\",\"dateModified\":\"2021-11-19T17:53:59+00:00\",\"author\":{\"@id\":\"https:\/\/ipaliancadf.org\/#\/schema\/person\/548636e1ca31674fe0293088f4c87dc7\"},\"breadcrumb\":{\"@id\":\"https:\/\/ipaliancadf.org\/index.php\/2021\/05\/05\/devemos-nossas-maes\/#breadcrumb\"},\"inLanguage\":\"pt-BR\",\"potentialAction\":[{\"@type\":\"ReadAction\",\"target\":[\"https:\/\/ipaliancadf.org\/index.php\/2021\/05\/05\/devemos-nossas-maes\/\"]}]},{\"@type\":\"BreadcrumbList\",\"@id\":\"https:\/\/ipaliancadf.org\/index.php\/2021\/05\/05\/devemos-nossas-maes\/#breadcrumb\",\"itemListElement\":[{\"@type\":\"ListItem\",\"position\":1,\"name\":\"In\u00edcio\",\"item\":\"https:\/\/ipaliancadf.org\/\"},{\"@type\":\"ListItem\",\"position\":2,\"name\":\"O que devemos \u00e0s nossas m\u00e3es?\"}]},{\"@type\":\"Person\",\"@id\":\"https:\/\/ipaliancadf.org\/#\/schema\/person\/548636e1ca31674fe0293088f4c87dc7\",\"name\":\"ipali249\",\"image\":{\"@type\":\"ImageObject\",\"@id\":\"https:\/\/ipaliancadf.org\/#personlogo\",\"inLanguage\":\"pt-BR\",\"url\":\"https:\/\/secure.gravatar.com\/avatar\/dbe688cc6fbd13942662b3b8f74dd335c5eeb62515453181081f6e279c795295?s=96&d=mm&r=g\",\"contentUrl\":\"https:\/\/secure.gravatar.com\/avatar\/dbe688cc6fbd13942662b3b8f74dd335c5eeb62515453181081f6e279c795295?s=96&d=mm&r=g\",\"caption\":\"ipali249\"},\"sameAs\":[\"https:\/\/ipaliancadf.org\"],\"url\":\"https:\/\/ipaliancadf.org\/index.php\/author\/ipali249\/\"}]}<\/script>\n<!-- \/ Yoast SEO plugin. -->","yoast_head_json":{"title":"O que devemos \u00e0s nossas m\u00e3es? - Igreja Presbiteriana Alian\u00e7a","robots":{"index":"index","follow":"follow","max-snippet":"max-snippet:-1","max-image-preview":"max-image-preview:large","max-video-preview":"max-video-preview:-1"},"canonical":"https:\/\/ipaliancadf.org\/index.php\/2021\/05\/05\/devemos-nossas-maes\/","og_locale":"pt_BR","og_type":"article","og_title":"O que devemos \u00e0s nossas m\u00e3es? - Igreja Presbiteriana Alian\u00e7a","og_description":"Alguns pais vivem como se s\u00f3 os filhos tivessem responsabilidades. Alguns filhos vivem como se s\u00f3 os pais tivessem responsabilidades. Nenhuma dessas atitudes est\u00e1 certa.","og_url":"https:\/\/ipaliancadf.org\/index.php\/2021\/05\/05\/devemos-nossas-maes\/","og_site_name":"Igreja Presbiteriana Alian\u00e7a","article_published_time":"2021-05-05T12:25:00+00:00","article_modified_time":"2021-11-19T17:53:59+00:00","og_image":[{"width":860,"height":500,"url":"https:\/\/ipaliancadf.org\/wp-content\/uploads\/2017\/07\/00-860x500-copiar-8.jpg","type":"image\/jpeg"}],"twitter_card":"summary_large_image","twitter_misc":{"Escrito por":"ipali249","Est. tempo de leitura":"7 minutos"},"schema":{"@context":"https:\/\/schema.org","@graph":[{"@type":"WebSite","@id":"https:\/\/ipaliancadf.org\/#website","url":"https:\/\/ipaliancadf.org\/","name":"Igreja Presbiteriana Alian\u00e7a","description":"","potentialAction":[{"@type":"SearchAction","target":{"@type":"EntryPoint","urlTemplate":"https:\/\/ipaliancadf.org\/?s={search_term_string}"},"query-input":"required name=search_term_string"}],"inLanguage":"pt-BR"},{"@type":"ImageObject","@id":"https:\/\/ipaliancadf.org\/index.php\/2021\/05\/05\/devemos-nossas-maes\/#primaryimage","inLanguage":"pt-BR","url":"https:\/\/ipaliancadf.org\/wp-content\/uploads\/2017\/07\/00-860x500-copiar-8.jpg","contentUrl":"https:\/\/ipaliancadf.org\/wp-content\/uploads\/2017\/07\/00-860x500-copiar-8.jpg","width":860,"height":500},{"@type":"WebPage","@id":"https:\/\/ipaliancadf.org\/index.php\/2021\/05\/05\/devemos-nossas-maes\/#webpage","url":"https:\/\/ipaliancadf.org\/index.php\/2021\/05\/05\/devemos-nossas-maes\/","name":"O que devemos \u00e0s nossas m\u00e3es? - Igreja Presbiteriana Alian\u00e7a","isPartOf":{"@id":"https:\/\/ipaliancadf.org\/#website"},"primaryImageOfPage":{"@id":"https:\/\/ipaliancadf.org\/index.php\/2021\/05\/05\/devemos-nossas-maes\/#primaryimage"},"datePublished":"2021-05-05T12:25:00+00:00","dateModified":"2021-11-19T17:53:59+00:00","author":{"@id":"https:\/\/ipaliancadf.org\/#\/schema\/person\/548636e1ca31674fe0293088f4c87dc7"},"breadcrumb":{"@id":"https:\/\/ipaliancadf.org\/index.php\/2021\/05\/05\/devemos-nossas-maes\/#breadcrumb"},"inLanguage":"pt-BR","potentialAction":[{"@type":"ReadAction","target":["https:\/\/ipaliancadf.org\/index.php\/2021\/05\/05\/devemos-nossas-maes\/"]}]},{"@type":"BreadcrumbList","@id":"https:\/\/ipaliancadf.org\/index.php\/2021\/05\/05\/devemos-nossas-maes\/#breadcrumb","itemListElement":[{"@type":"ListItem","position":1,"name":"In\u00edcio","item":"https:\/\/ipaliancadf.org\/"},{"@type":"ListItem","position":2,"name":"O que devemos \u00e0s nossas m\u00e3es?"}]},{"@type":"Person","@id":"https:\/\/ipaliancadf.org\/#\/schema\/person\/548636e1ca31674fe0293088f4c87dc7","name":"ipali249","image":{"@type":"ImageObject","@id":"https:\/\/ipaliancadf.org\/#personlogo","inLanguage":"pt-BR","url":"https:\/\/secure.gravatar.com\/avatar\/dbe688cc6fbd13942662b3b8f74dd335c5eeb62515453181081f6e279c795295?s=96&d=mm&r=g","contentUrl":"https:\/\/secure.gravatar.com\/avatar\/dbe688cc6fbd13942662b3b8f74dd335c5eeb62515453181081f6e279c795295?s=96&d=mm&r=g","caption":"ipali249"},"sameAs":["https:\/\/ipaliancadf.org"],"url":"https:\/\/ipaliancadf.org\/index.php\/author\/ipali249\/"}]}},"_links":{"self":[{"href":"https:\/\/ipaliancadf.org\/index.php\/wp-json\/wp\/v2\/posts\/10736","targetHints":{"allow":["GET"]}}],"collection":[{"href":"https:\/\/ipaliancadf.org\/index.php\/wp-json\/wp\/v2\/posts"}],"about":[{"href":"https:\/\/ipaliancadf.org\/index.php\/wp-json\/wp\/v2\/types\/post"}],"author":[{"embeddable":true,"href":"https:\/\/ipaliancadf.org\/index.php\/wp-json\/wp\/v2\/users\/1"}],"replies":[{"embeddable":true,"href":"https:\/\/ipaliancadf.org\/index.php\/wp-json\/wp\/v2\/comments?post=10736"}],"version-history":[{"count":3,"href":"https:\/\/ipaliancadf.org\/index.php\/wp-json\/wp\/v2\/posts\/10736\/revisions"}],"predecessor-version":[{"id":14450,"href":"https:\/\/ipaliancadf.org\/index.php\/wp-json\/wp\/v2\/posts\/10736\/revisions\/14450"}],"wp:featuredmedia":[{"embeddable":true,"href":"https:\/\/ipaliancadf.org\/index.php\/wp-json\/wp\/v2\/media\/14435"}],"wp:attachment":[{"href":"https:\/\/ipaliancadf.org\/index.php\/wp-json\/wp\/v2\/media?parent=10736"}],"wp:term":[{"taxonomy":"category","embeddable":true,"href":"https:\/\/ipaliancadf.org\/index.php\/wp-json\/wp\/v2\/categories?post=10736"},{"taxonomy":"post_tag","embeddable":true,"href":"https:\/\/ipaliancadf.org\/index.php\/wp-json\/wp\/v2\/tags?post=10736"}],"curies":[{"name":"wp","href":"https:\/\/api.w.org\/{rel}","templated":true}]}}